{"id":5812,"date":"2025-05-28T21:45:00","date_gmt":"2025-05-28T21:45:00","guid":{"rendered":"https:\/\/ingenieria.ucsc.cl\/?post_type=blog&#038;p=5812"},"modified":"2025-06-17T21:50:17","modified_gmt":"2025-06-17T21:50:17","slug":"apagones-por-culpa-de-las-energias-renovables-la-verdad-detras-del-debate","status":"publish","type":"blog","link":"https:\/\/ingenieria.ucsc.cl\/en\/blog\/apagones-por-culpa-de-las-energias-renovables-la-verdad-detras-del-debate\/","title":{"rendered":"\u00bfApagones por culpa de las energ\u00edas renovables? la verdad detr\u00e1s del debate"},"content":{"rendered":"","protected":false},"excerpt":{"rendered":"","protected":false},"author":6,"parent":0,"template":"","author_tax":[69],"area_tax":[75],"departament_tax":[70],"class_list":["post-5812","blog","type-blog","status-publish","hentry","author_tax-ricardo-lizana-fuentes","area_tax-energia","departament_tax-departamento-ingenieria-electrica"],"acf":[],"yoast_head":"<!-- This site is optimized with the Yoast SEO plugin v26.1.1 - https:\/\/yoast.com\/wordpress\/plugins\/seo\/ -->\n<title>\u00bfApagones por culpa de las energ\u00edas renovables? la verdad detr\u00e1s del debate - UCSC Facultad de Ingenier\u00eda<\/title>\n<meta name=\"robots\" content=\"index, follow, max-snippet:-1, max-image-preview:large, max-video-preview:-1\" \/>\n<link rel=\"canonical\" href=\"https:\/\/ingenieria.ucsc.cl\/blog\/apagones-por-culpa-de-las-energias-renovables-la-verdad-detras-del-debate\/\" \/>\n<meta property=\"og:locale\" content=\"en_US\" \/>\n<meta property=\"og:type\" content=\"article\" \/>\n<meta property=\"og:title\" content=\"\u00bfApagones por culpa de las energ\u00edas renovables? la verdad detr\u00e1s del debate - UCSC Facultad de Ingenier\u00eda\" \/>\n<meta property=\"og:url\" content=\"https:\/\/ingenieria.ucsc.cl\/blog\/apagones-por-culpa-de-las-energias-renovables-la-verdad-detras-del-debate\/\" \/>\n<meta property=\"og:site_name\" content=\"UCSC Facultad de Ingenier\u00eda\" \/>\n<meta property=\"article:modified_time\" content=\"2025-06-17T21:50:17+00:00\" \/>\n<meta name=\"twitter:card\" content=\"summary_large_image\" \/>\n<script type=\"application\/ld+json\" class=\"yoast-schema-graph\">{\"@context\":\"https:\/\/schema.org\",\"@graph\":[{\"@type\":\"WebPage\",\"@id\":\"https:\/\/ingenieria.ucsc.cl\/blog\/apagones-por-culpa-de-las-energias-renovables-la-verdad-detras-del-debate\/\",\"url\":\"https:\/\/ingenieria.ucsc.cl\/blog\/apagones-por-culpa-de-las-energias-renovables-la-verdad-detras-del-debate\/\",\"name\":\"\u00bfApagones por culpa de las energ\u00edas renovables? la verdad detr\u00e1s del debate - UCSC Facultad de Ingenier\u00eda\",\"isPartOf\":{\"@id\":\"https:\/\/ingenieria.ucsc.cl\/#website\"},\"datePublished\":\"2025-05-28T21:45:00+00:00\",\"dateModified\":\"2025-06-17T21:50:17+00:00\",\"breadcrumb\":{\"@id\":\"https:\/\/ingenieria.ucsc.cl\/blog\/apagones-por-culpa-de-las-energias-renovables-la-verdad-detras-del-debate\/#breadcrumb\"},\"inLanguage\":\"en-US\",\"potentialAction\":[{\"@type\":\"ReadAction\",\"target\":[\"https:\/\/ingenieria.ucsc.cl\/blog\/apagones-por-culpa-de-las-energias-renovables-la-verdad-detras-del-debate\/\"]}]},{\"@type\":\"BreadcrumbList\",\"@id\":\"https:\/\/ingenieria.ucsc.cl\/blog\/apagones-por-culpa-de-las-energias-renovables-la-verdad-detras-del-debate\/#breadcrumb\",\"itemListElement\":[{\"@type\":\"ListItem\",\"position\":1,\"name\":\"Home\",\"item\":\"https:\/\/ingenieria.ucsc.cl\/\"},{\"@type\":\"ListItem\",\"position\":2,\"name\":\"\u00bfApagones por culpa de las energ\u00edas renovables? la verdad detr\u00e1s del debate\"}]},{\"@type\":\"WebSite\",\"@id\":\"https:\/\/ingenieria.ucsc.cl\/#website\",\"url\":\"https:\/\/ingenieria.ucsc.cl\/\",\"name\":\"UCSC Facultad de Ingenier\u00eda\",\"description\":\"Facultad de Ingenier\u00eda UCSC\",\"potentialAction\":[{\"@type\":\"SearchAction\",\"target\":{\"@type\":\"EntryPoint\",\"urlTemplate\":\"https:\/\/ingenieria.ucsc.cl\/?s={search_term_string}\"},\"query-input\":{\"@type\":\"PropertyValueSpecification\",\"valueRequired\":true,\"valueName\":\"search_term_string\"}}],\"inLanguage\":\"en-US\"}]}<\/script>\n<!-- \/ Yoast SEO plugin. -->","yoast_head_json":{"title":"\u00bfApagones por culpa de las energ\u00edas renovables? la verdad detr\u00e1s del debate - UCSC Facultad de Ingenier\u00eda","robots":{"index":"index","follow":"follow","max-snippet":"max-snippet:-1","max-image-preview":"max-image-preview:large","max-video-preview":"max-video-preview:-1"},"canonical":"https:\/\/ingenieria.ucsc.cl\/blog\/apagones-por-culpa-de-las-energias-renovables-la-verdad-detras-del-debate\/","og_locale":"en_US","og_type":"article","og_title":"\u00bfApagones por culpa de las energ\u00edas renovables? la verdad detr\u00e1s del debate - UCSC Facultad de Ingenier\u00eda","og_url":"https:\/\/ingenieria.ucsc.cl\/blog\/apagones-por-culpa-de-las-energias-renovables-la-verdad-detras-del-debate\/","og_site_name":"UCSC Facultad de Ingenier\u00eda","article_modified_time":"2025-06-17T21:50:17+00:00","twitter_card":"summary_large_image","schema":{"@context":"https:\/\/schema.org","@graph":[{"@type":"WebPage","@id":"https:\/\/ingenieria.ucsc.cl\/blog\/apagones-por-culpa-de-las-energias-renovables-la-verdad-detras-del-debate\/","url":"https:\/\/ingenieria.ucsc.cl\/blog\/apagones-por-culpa-de-las-energias-renovables-la-verdad-detras-del-debate\/","name":"\u00bfApagones por culpa de las energ\u00edas renovables? la verdad detr\u00e1s del debate - UCSC Facultad de Ingenier\u00eda","isPartOf":{"@id":"https:\/\/ingenieria.ucsc.cl\/#website"},"datePublished":"2025-05-28T21:45:00+00:00","dateModified":"2025-06-17T21:50:17+00:00","breadcrumb":{"@id":"https:\/\/ingenieria.ucsc.cl\/blog\/apagones-por-culpa-de-las-energias-renovables-la-verdad-detras-del-debate\/#breadcrumb"},"inLanguage":"en-US","potentialAction":[{"@type":"ReadAction","target":["https:\/\/ingenieria.ucsc.cl\/blog\/apagones-por-culpa-de-las-energias-renovables-la-verdad-detras-del-debate\/"]}]},{"@type":"BreadcrumbList","@id":"https:\/\/ingenieria.ucsc.cl\/blog\/apagones-por-culpa-de-las-energias-renovables-la-verdad-detras-del-debate\/#breadcrumb","itemListElement":[{"@type":"ListItem","position":1,"name":"Home","item":"https:\/\/ingenieria.ucsc.cl\/"},{"@type":"ListItem","position":2,"name":"\u00bfApagones por culpa de las energ\u00edas renovables? la verdad detr\u00e1s del debate"}]},{"@type":"WebSite","@id":"https:\/\/ingenieria.ucsc.cl\/#website","url":"https:\/\/ingenieria.ucsc.cl\/","name":"UCSC Facultad de Ingenier\u00eda","description":"Facultad de Ingenier\u00eda UCSC","potentialAction":[{"@type":"SearchAction","target":{"@type":"EntryPoint","urlTemplate":"https:\/\/ingenieria.ucsc.cl\/?s={search_term_string}"},"query-input":{"@type":"PropertyValueSpecification","valueRequired":true,"valueName":"search_term_string"}}],"inLanguage":"en-US"}]}},"_links":{"self":[{"href":"https:\/\/ingenieria.ucsc.cl\/en\/wp-json\/wp\/v2\/blog\/5812","targetHints":{"allow":["GET"]}}],"collection":[{"href":"https:\/\/ingenieria.ucsc.cl\/en\/wp-json\/wp\/v2\/blog"}],"about":[{"href":"https:\/\/ingenieria.ucsc.cl\/en\/wp-json\/wp\/v2\/types\/blog"}],"author":[{"embeddable":true,"href":"https:\/\/ingenieria.ucsc.cl\/en\/wp-json\/wp\/v2\/users\/6"}],"version-history":[{"count":1,"href":"https:\/\/ingenieria.ucsc.cl\/en\/wp-json\/wp\/v2\/blog\/5812\/revisions"}],"predecessor-version":[{"id":5813,"href":"https:\/\/ingenieria.ucsc.cl\/en\/wp-json\/wp\/v2\/blog\/5812\/revisions\/5813"}],"wp:attachment":[{"href":"https:\/\/ingenieria.ucsc.cl\/en\/wp-json\/wp\/v2\/media?parent=5812"}],"wp:term":[{"taxonomy":"author_tax","embeddable":true,"href":"https:\/\/ingenieria.ucsc.cl\/en\/wp-json\/wp\/v2\/author_tax?post=5812"},{"taxonomy":"area_tax","embeddable":true,"href":"https:\/\/ingenieria.ucsc.cl\/en\/wp-json\/wp\/v2\/area_tax?post=5812"},{"taxonomy":"departament_tax","embeddable":true,"href":"https:\/\/ingenieria.ucsc.cl\/en\/wp-json\/wp\/v2\/departament_tax?post=5812"}],"curies":[{"name":"wp","href":"https:\/\/api.w.org\/{rel}","templated":true}]}}